{"id":2615,"date":"2026-04-02T14:32:04","date_gmt":"2026-04-02T14:32:04","guid":{"rendered":"https:\/\/dev.eeg.ohmedias.pro\/lentreprise-hvac-reconnue-ventair-integre-eeg-group\/"},"modified":"2026-07-10T09:29:07","modified_gmt":"2026-07-10T09:29:07","slug":"lentreprise-hvac-reconnue-ventair-integre-eeg-group","status":"publish","type":"post","link":"https:\/\/dev.eeg.ohmedias.pro\/fr\/lentreprise-hvac-reconnue-ventair-integre-eeg-group\/","title":{"rendered":"L&rsquo;entreprise HVAC reconnue Ventair int\u00e8gre EEG Group"},"content":{"rendered":"\n<p class=\"wp-block-paragraph\"><strong>Depuis la fin de l\u2019ann\u00e9e 2025, l\u2019entreprise HVAC Ventair, bas\u00e9e \u00e0 Nivelles, fait officiellement partie d\u2019EEG Group. Avec cette acquisition, EEG Group franchit une nouvelle \u00e9tape dans sa strat\u00e9gie visant \u00e0 renforcer sa pr\u00e9sence \u00e0 Bruxelles et en Wallonie et \u00e0 poursuivre sa croissance en tant qu\u2019acteur multitechnique de r\u00e9f\u00e9rence actif dans toute la Belgique. Cette ann\u00e9e, EEG Group consacre du temps \u00e0 mieux comprendre le fonctionnement et les valeurs de Ventair afin de garantir une int\u00e9gration aussi fluide que possible dans OneEEG.   <\/strong> <\/p>\n\n<p class=\"wp-block-paragraph\">VENTAIR RENFORCE EEG GROUP<\/p>\n\n<p class=\"wp-block-paragraph\">L\u2019actuel dirigeant, Sylvain Kapusi, a fond\u00e9 Ventair en 1998 et a d\u00e9velopp\u00e9 l\u2019entreprise pour en faire une r\u00e9f\u00e9rence dans les domaines du HVAC et du sanitaire, avec une solide r\u00e9putation dans le Brabant wallon et \u00e0 Bruxelles. L\u2019entreprise compte aujourd\u2019hui 43 collaborateurs et travaille pour des clients issus de diff\u00e9rents secteurs. Ventair est ainsi actif dans des projets m\u00e9dicaux, r\u00e9sidentiels, commerciaux et publics.   <\/p>\n\n<p class=\"wp-block-paragraph\">\u00ab Ventair est un partenaire id\u00e9al pour EEG \u00bb, d\u00e9clare le CEO Didier Vanden Broucke. \u00ab Les valeurs que pr\u00f4ne Ventair &#8211; l\u2019esprit d\u2019\u00e9quipe, le savoir-faire et une culture d\u2019netreprise chaleureuse &#8211; correspondent parfaitement aux n\u00f4tres. \u00bb<\/p>\n\n<p class=\"wp-block-paragraph\">L\u2019int\u00e9gration de Ventair permet \u00e0 EEG Group de renforcer plusieurs de ses piliers strat\u00e9giques :<\/p>\n\n<ul class=\"wp-block-list\">\n<li>Un ancrage r\u00e9gional renforc\u00e9 : Ventair et EEG Namur renforcent leur position sur les march\u00e9s locaux en Wallonie et \u00e0 Bruxelles.<\/li>\n\n\n\n<li>Attirer des techniciens locaux : avec une nouvelle base \u00e0 Nivelles, EEG Group devient un employeur encore plus attractif et les \u00e9quipes EEG doivent se d\u00e9placer moins loin.<\/li>\n\n\n\n<li>Encore plus d\u2019expertise HVAC : chez Ventair, une \u00e9quipe exp\u00e9riment\u00e9e dispose d\u2019une solide expertise technique, ce qui constitue un renforcement pour EEG Namur.<\/li>\n<\/ul>\n\n<p class=\"wp-block-paragraph\">INT\u00c9GRATION PROGRESSIVE<\/p>\n\n<p class=\"wp-block-paragraph\">EEG Group aborde l\u2019int\u00e9gration de Ventair de mani\u00e8re progressive. Pour les nouveaux coll\u00e8gues de Ventair, un nouveau chapitre commence, dans lequel l\u2019accompagnement vers une m\u00e9thode de travail plus uniforme doit se faire de mani\u00e8re appropri\u00e9e. \u00ab Il est important que ce processus se d\u00e9roule dans un esprit respectueux et ouvert, avec l\u2019attention n\u00e9cessaire pour la mani\u00e8re de travailler de chacun \u00bb, souligne Didier Vanden Broucke. \u00ab C\u2019est uniquement ainsi qu\u2019EEG Group pourra \u00e9voluer de mani\u00e8re efficace et tourn\u00e9e vers l\u2019avenir. \u00bb <\/p>\n\n<p class=\"wp-block-paragraph\">Au cours des prochains mois, l\u2019accent sera donc mis sur une meilleure compr\u00e9hension et une harmonisation avec les m\u00e9thodes de travail actuelles chez Ventair. Pour EEG Group, la collaboration, l\u2019enthousiasme et le savoir-faire constituent les fondements d\u2019une int\u00e9gration r\u00e9ussie. <\/p>\n\n<p class=\"wp-block-paragraph\"><em>\u00ab L\u2019ann\u00e9e 2026 sera consacr\u00e9e \u00e0 cr\u00e9er des moments de rencontre et d\u2019alignement entre les \u00e9quipes d\u2019EEG Namur et de Ventair, afin que la collaboration entre les sites de Nivelles et de Namur se d\u00e9roule de mani\u00e8re optimale. Nous posons ainsi les bases solides d\u2019une int\u00e9gration r\u00e9ussie \u00bb,  <\/em>conclut Didier Vanden Broucke.<\/p>\n","protected":false},"excerpt":{"rendered":"<p>Depuis la fin de l\u2019ann\u00e9e 2025, l\u2019entreprise HVAC Ventair, bas\u00e9e \u00e0 Nivelles, fait officiellement partie d\u2019EEG Group. Avec cette acquisition, EEG Group franchit une nouvelle \u00e9tape dans sa strat\u00e9gie visant \u00e0 renforcer sa pr\u00e9sence \u00e0 Bruxelles et en Wallonie et \u00e0 poursuivre sa croissance en tant qu\u2019acteur multitechnique de r\u00e9f\u00e9rence actif dans toute la Belgique. [&hellip;]<\/p>\n","protected":false},"author":3,"featured_media":0,"comment_status":"open","ping_status":"closed","sticky":false,"template":"","format":"standard","meta":{"_acf_changed":false,"inline_featured_image":false,"footnotes":""},"categories":[56],"tags":[],"class_list":["post-2615","post","type-post","status-publish","format-standard","hentry","category-non-classifiee"],"acf":[],"_links":{"self":[{"href":"https:\/\/dev.eeg.ohmedias.pro\/fr\/wp-json\/wp\/v2\/posts\/2615","targetHints":{"allow":["GET"]}}],"collection":[{"href":"https:\/\/dev.eeg.ohmedias.pro\/fr\/wp-json\/wp\/v2\/posts"}],"about":[{"href":"https:\/\/dev.eeg.ohmedias.pro\/fr\/wp-json\/wp\/v2\/types\/post"}],"author":[{"embeddable":true,"href":"https:\/\/dev.eeg.ohmedias.pro\/fr\/wp-json\/wp\/v2\/users\/3"}],"replies":[{"embeddable":true,"href":"https:\/\/dev.eeg.ohmedias.pro\/fr\/wp-json\/wp\/v2\/comments?post=2615"}],"version-history":[{"count":1,"href":"https:\/\/dev.eeg.ohmedias.pro\/fr\/wp-json\/wp\/v2\/posts\/2615\/revisions"}],"predecessor-version":[{"id":2616,"href":"https:\/\/dev.eeg.ohmedias.pro\/fr\/wp-json\/wp\/v2\/posts\/2615\/revisions\/2616"}],"wp:attachment":[{"href":"https:\/\/dev.eeg.ohmedias.pro\/fr\/wp-json\/wp\/v2\/media?parent=2615"}],"wp:term":[{"taxonomy":"category","embeddable":true,"href":"https:\/\/dev.eeg.ohmedias.pro\/fr\/wp-json\/wp\/v2\/categories?post=2615"},{"taxonomy":"post_tag","embeddable":true,"href":"https:\/\/dev.eeg.ohmedias.pro\/fr\/wp-json\/wp\/v2\/tags?post=2615"}],"curies":[{"name":"wp","href":"https:\/\/api.w.org\/{rel}","templated":true}]}}